{"id":220796,"date":"2021-07-06T09:13:19","date_gmt":"2021-07-06T07:13:19","guid":{"rendered":"https:\/\/www.region-a3.com\/?post_type=story&#038;p=220796"},"modified":"2025-11-06T11:31:42","modified_gmt":"2025-11-06T10:31:42","slug":"international-school-augsburg","status":"publish","type":"story","link":"https:\/\/www.region-a3.com\/en\/story\/international-school-augsburg\/","title":{"rendered":"International School Augsburg"},"content":{"rendered":"\t\t<div data-elementor-type=\"wp-post\" data-elementor-id=\"220796\" class=\"elementor elementor-220796 elementor-55661\" data-elementor-post-type=\"story\">\n\t\t\t\t\t\t<section class=\"elementor-section elementor-top-section elementor-element elementor-element-a0ead71 elementor-section-boxed elementor-section-height-default elementor-section-height-default\" data-id=\"a0ead71\" data-element_type=\"section\" data-e-type=\"section\">\n\t\t\t\t\t\t<div class=\"elementor-container elementor-column-gap-default\">\n\t\t\t\t\t<div class=\"elementor-column elementor-col-100 elementor-top-column elementor-element elementor-element-5193ab6\" data-id=\"5193ab6\" data-element_type=\"column\" data-e-type=\"column\">\n\t\t\t<div class=\"elementor-widget-wrap elementor-element-populated\">\n\t\t\t\t\t\t<div class=\"elementor-element elementor-element-7df6231 elementor-widget elementor-widget-a3-teaser\" data-id=\"7df6231\" data-element_type=\"widget\" data-e-type=\"widget\" data-widget_type=\"a3-teaser.default\">\n\t\t\t\t<div class=\"elementor-widget-container\">\n\t\t\t\t\t\n\n<!-- Widget Start -->\n\n\n<div class=\"widget widget-orange\">\n    <div class=\"widget-content media-teaser  media-teaser-slider\">\n\n                    \n            <div class=\"media-teaser-slide bg-orange\">\n                <div class=\"media-teaser-background\"  style=\"background-image:url(https:\/\/www.region-a3.com\/wp-content\/uploads\/2021\/02\/International-School-Augsburg.jpg);background-position:center left;background-size:contain;background-repeat:no-repeat\" data-debug='{\"url\":\"https:\\\/\\\/www.region-a3.com\\\/wp-content\\\/uploads\\\/2021\\\/02\\\/International-School-Augsburg.jpg\",\"id\":\"25106\",\"size\":\"\",\"alt\":\"\",\"source\":\"library\"}' alt=\"International School Augsburg\" title=\"Die International School in Augsburg\" role=\"img\" aria-label=\"International School Augsburg\" width=\"150\" height=\"100\">\n\n                                            <svg xmlns=\"http:\/\/www.w3.org\/2000\/svg\" viewBox=\"0 0 289.41 458.33\">\n                            <g>\n                                                                    <path fill=\"#eb6502\" d=\"M238.67,162l-65.5,40.88V121.12Z\" \/>\n                                                                    <path fill=\"#eb6502\" d=\"M236.45,81.29,109.61,162.58V0Z\" \/>\n                                                                    <path fill=\"#eb6502\" d=\"M0,458.33,289.41,275.61,0,92.89Z\" \/>\n                                                            <\/g>\n                        <\/svg>\n\n                    \n                <\/div>\n                <div class=\"media-teaser-content\">\n                    <div class=\"container\">\n                        <div class=\"row\">\n                            <div class=\"media-teaser-content-box col-12 col-lg-5 offset-lg-7 col-xl-4 offset-xl-8\" title=\"\">\n                                                                                                                                    <div class=\"media-teaser-content-box-wrapper\" style=\"\">\n                                        <h1 class=\"h1  mb-4\">\n        <span class=\"h4\">Success story: International School Augsburg<\/span>\n        <span style=\"display:none\">\u2013<\/span>\n        International location, international education\n    <\/h1>\n\n                                    <div class=\"media-teaser-content-box-text\">\n                                        <p>The International School Augsburg was founded in 2005 to support the regional economy. Today, the school is an important location factor and it is impossible to imagine the A\u00b3 region without it. Its globally recognized, English-language learning concept enables companies in the region to recruit international specialist staff<\/p>                                    <\/div>\n                                                                    <\/div>\n                            <\/div>\n                        <\/div>\n                    <\/div>\n                <\/div>\n            <\/div>\n            <\/div>\n<\/div>\n\n<!-- Widget End -->\n\n\t\t\t\t<\/div>\n\t\t\t\t<\/div>\n\t\t\t\t\t<\/div>\n\t\t<\/div>\n\t\t\t\t\t<\/div>\n\t\t<\/section>\n\t\t\t\t<section class=\"elementor-section elementor-top-section elementor-element elementor-element-75f6877 elementor-section-boxed elementor-section-height-default elementor-section-height-default\" data-id=\"75f6877\" data-element_type=\"section\" data-e-type=\"section\">\n\t\t\t\t\t\t<div class=\"elementor-container elementor-column-gap-default\">\n\t\t\t\t\t<div class=\"elementor-column elementor-col-100 elementor-top-column elementor-element elementor-element-2561c90\" data-id=\"2561c90\" data-element_type=\"column\" data-e-type=\"column\">\n\t\t\t<div class=\"elementor-widget-wrap elementor-element-populated\">\n\t\t\t\t\t\t<div class=\"elementor-element elementor-element-061b4ea elementor-widget elementor-widget-a3-button-media\" data-id=\"061b4ea\" data-element_type=\"widget\" data-e-type=\"widget\" data-widget_type=\"a3-button-media.default\">\n\t\t\t\t<div class=\"elementor-widget-container\">\n\t\t\t\t\t\n\n<!-- Widget Start -->\n\n<div class=\"widget widget-orange\">\n\t<div class=\"widget-content\">\n\n\t<div class=\"container  mb-4\">\n    <h2 class=\"h1  mb-4\">\n        \n    <\/h2>\n<\/div>\n\n\t\t<div class=\"container\">\n\t\t\n\t\t\t\t\t\t\t\t<div class=\"row \"><!-- start row -->\n\t\t\t\n\t\t\t\t\t\t\t\t\t\t<div class=\"col-12 col-lg-4\"><!-- start col -->\n\t\t\t\t\n\t\t\t\t\t\t\t\t\t\t\t\t\t\t\t\t\t\t\t\t<div class=\"media-button bg-orange \">\n\n\t\t\t\t\t\t\t\t\t\t\t\t\t\t\t\t\t<div class=\"media-button-icon\">\n\t\t\t\t\t\t\t\t\t\t<svg xmlns=\"http:\/\/www.w3.org\/2000\/svg\" viewBox=\"0 0 212.96 185.13\"  class=\"small\">\n\t\t\t\t\t\t\t\t\t\t\t<g>\n\t\t\t\t\t\t\t\t\t\t\t\t<path fill=\"#ffffff\" d=\"M182.89,25.49,142.52,51V0Z\"\/>\n\t\t\t\t\t\t\t\t\t\t\t\t<path fill=\"#ffffff\" d=\"M213,94.86l-70.44,44V50.89Z\"\/>\n\t\t\t\t\t\t\t\t\t\t\t\t<path fill=\"#ffffff\" d=\"M142.56,51l-69,44.23V6.75Z\"\/>\n\t\t\t\t\t\t\t\t\t\t\t\t<path fill=\"#ffffff\" d=\"M0,185.13,108,117,0,48.81Z\"\/>\n\t\t\t\t\t\t\t\t\t\t\t<\/g>\n\t\t\t\t\t\t\t\t\t\t<\/svg>\n\t\t\t\t\t\t\t\t\t<\/div>\n\t\t\t\t\t\t\t\t\n\t\t\t\t\t\t\t\t<div class=\"media-button-content\">\n\n\t\t\t\t\t\t\t\t\t    <h3 class=\"h2  mb-4\">\n        What it's about:\n    <\/h3>\n\n\t\t\t\t\t\t\t\t\t\t\t\t\t\t\t\t\t\t\t<div class=\"media-button-text\">\n\t\t\t\t\t\t\t\t\t\t\t<p>The International School Augsburg is a successful business development project in A\u00b3. It opens up the location to highly qualified specialists and managers from all over the world.<\/p>\t\t\t\t\t\t\t\t\t\t<\/div>\n\t\t\t\t\t\t\t\t\t\n\t\t\t\t\t\t\t\t\t\t\t\t\t\t\t\t\t<\/div>\n\t\t\t\t\t\t\t<\/div>\n\t\t\t\t\t\t\n\t\t\t\t\t\t<\/div><!-- end col -->\n\n\t\t\t\t\n\t\t\n\t\t\t\n\t\t\t\t\t\t\t\t\t\t<div class=\"col-12 col-lg-8\"><!-- start col -->\n\t\t\t\t\n\t\t\t\t\t\t\t\t\t\t\t\t\t<div class=\"media-text-textbox\">\n\n\t\t\t\t\t\t\t\t    <h3 class=\"h2  mb-4\">\n        \n    <\/h3>\n\n\t\t\t\t\t\t\t\t<div>\n\t\t\t\t\t\t\t\t\t<h3>A magnet for international families in the region<\/h3><p>The children of top international athletes from Augsburg's sports clubs, specialists and managers for regional companies or professors for the medical faculty at the University of Augsburg have one thing in common: they don't grow up in their home country but travel the world - with their parents, who are internationally mobile because of their jobs. Founded in 2005 on the initiative of the Swabian Chamber of Industry and Commerce, the International School Augsburg (ISA) offers precisely these children a welcome anchorage in A\u00b3. More than 350 pupils at the age of kindergarten to young adulthood are already learning from and with each other at ISA. A globally standardised, pedagogical school concept and internationally recognised qualifications ensure that the students have a successful educational career even beyond national borders.<\/p>\t\t\t\t\t\t\t\t<\/div>\n\t\t\t\t\t\t\t\t\t\t\t\t\t\t\t<\/div>\n\t\t\t\t\t\t\n\t\t\t\t\t\t<\/div><!-- end col -->\n\n\t\t\t\t\t\t\t\t\t<\/div><!-- end row -->\n\t\t\t\t\n\t\t\t\t<\/div>\n\t\t\t<\/div>\n<\/div>\n\t\n\n<!-- Widget End -->\n\n\t\t\t\t<\/div>\n\t\t\t\t<\/div>\n\t\t\t\t<div class=\"elementor-element elementor-element-f86cb44 pt-0 pb-0 elementor-widget elementor-widget-a3-button-media\" data-id=\"f86cb44\" data-element_type=\"widget\" data-e-type=\"widget\" data-widget_type=\"a3-button-media.default\">\n\t\t\t\t<div class=\"elementor-widget-container\">\n\t\t\t\t\t\n\n<!-- Widget Start -->\n\n<div class=\"widget widget-orange pt-0 pb-0\">\n\t<div class=\"widget-content\">\n\n\t<div class=\"container  mb-4\">\n    <h2 class=\"h1  mb-4\">\n        \n    <\/h2>\n<\/div>\n\n\t\t<div class=\"container\">\n\t\t\n\t\t\t\t\t\t\t\t<div class=\"row flex-lg-row-reverse\"><!-- start row -->\n\t\t\t\n\t\t\t\t\t\t\t\t\t\t<div class=\"col-12 col-lg-4\"><!-- start col -->\n\t\t\t\t\n\t\t\t\t\t\t\t\t\t\t\t\t\t\t\t\t\t\t\t\t<div class=\"media-button bg-orange \">\n\n\t\t\t\t\t\t\t\t\t\t\t\t\t\t\t\t\t<div class=\"media-button-icon\">\n\t\t\t\t\t\t\t\t\t\t<svg xmlns=\"http:\/\/www.w3.org\/2000\/svg\" viewBox=\"0 0 212.96 185.13\"  class=\"small\">\n\t\t\t\t\t\t\t\t\t\t\t<g>\n\t\t\t\t\t\t\t\t\t\t\t\t<path fill=\"#ffffff\" d=\"M182.89,25.49,142.52,51V0Z\"\/>\n\t\t\t\t\t\t\t\t\t\t\t\t<path fill=\"#ffffff\" d=\"M213,94.86l-70.44,44V50.89Z\"\/>\n\t\t\t\t\t\t\t\t\t\t\t\t<path fill=\"#ffffff\" d=\"M142.56,51l-69,44.23V6.75Z\"\/>\n\t\t\t\t\t\t\t\t\t\t\t\t<path fill=\"#ffffff\" d=\"M0,185.13,108,117,0,48.81Z\"\/>\n\t\t\t\t\t\t\t\t\t\t\t<\/g>\n\t\t\t\t\t\t\t\t\t\t<\/svg>\n\t\t\t\t\t\t\t\t\t<\/div>\n\t\t\t\t\t\t\t\t\n\t\t\t\t\t\t\t\t<div class=\"media-button-content\">\n\n\t\t\t\t\t\t\t\t\t    <h3 class=\"h2  mb-4\">\n        How the ISA makes the future better:\n    <\/h3>\n\n\t\t\t\t\t\t\t\t\t\t\t\t\t\t\t\t\t\t\t<div class=\"media-button-text\">\n\t\t\t\t\t\t\t\t\t\t\t<ul><li>Preparing children for their future in the best possible way: in addition to a comprehensive teaching program, social and intercultural skills are strengthened<\/li><li>Success factor for the location: ISA increases the attractiveness of companies who address international top talents<\/li><li>Cooperation with interested education stakeholders who wish to invest in education<\/li><\/ul>\t\t\t\t\t\t\t\t\t\t<\/div>\n\t\t\t\t\t\t\t\t\t\n\t\t\t\t\t\t\t\t\t\t\t\t\t\t\t\t\t<\/div>\n\t\t\t\t\t\t\t<\/div>\n\t\t\t\t\t\t\n\t\t\t\t\t\t<\/div><!-- end col -->\n\n\t\t\t\t\n\t\t\n\t\t\t\n\t\t\t\t\t\t\t\t\t\t<div class=\"col-12 col-lg-8\"><!-- start col -->\n\t\t\t\t\n\t\t\t\t\t\t\t\t\t\t\t\t\t<div class=\"media-text-textbox\">\n\n\t\t\t\t\t\t\t\t    <h3 class=\"h2  mb-4\">\n        \n    <\/h3>\n\n\t\t\t\t\t\t\t\t<div>\n\t\t\t\t\t\t\t\t\t<h3>Unique school philosophy<\/h3><p>\u201cLearning to be me in a global community\u201d is ISA's school motto. It is more in tune with the spirit of the times than ever before. Integration and respect instead of exclusion are part of the school culture. The colorful sea of flags in the auditorium of the school building shows the international and cultural diversity of the school: students and teachers from more than 40 countries come together here to study and work side by side. Being \u201cdifferent\u201d is normal at the ISA.<\/p><p>The framework for the educational concept of the private all-day school in Gersthofen is based on the so-called \u201cLearner Profile\u201d of the English-language International Baccalaureate Program (IB) which offers qualifications that are recognized in Germany as well as internationally and enable studying all over the world. From the Early Learning Center (preschool) to the Upper School, English is the language of instruction and therefore the common language for all children. In addition to a wide range of native language courses, pupils also receive intensive German lessons, which enable them to integrate locally. ISA offers a wide range of sports, music, IT and multimedia courses as well as leisure activities to develop the individual talents and abilities of its students.<\/p><h3>School wins innovation competition\u00a0<\/h3><p>Due to its remarkable transnational concept of education, ISA belongs to the best international schools in Germany. The school has long since received the important and recognized accreditations that prove high-quality education in international competition. In 2021, it received the TOP100 award that honors highly innovative medium-sized companies. ISA was the first school to take part in this innovation competition and prove its innovative strength. ISA scored points with the jury for its digital strategy, among other things. The school management decided to go cloud-based back in 2018. \u201cOur goal is that our students find their way around our globalized and digitalized world,\u201d explains Marcus Wagner, who has been responsible for the school's further development as Commercial Director since 2009.<\/p>\t\t\t\t\t\t\t\t<\/div>\n\t\t\t\t\t\t\t\t\t\t\t\t\t\t\t<\/div>\n\t\t\t\t\t\t\n\t\t\t\t\t\t<\/div><!-- end col -->\n\n\t\t\t\t\t\t\t\t\t<\/div><!-- end row -->\n\t\t\t\t\n\t\t\t\t<\/div>\n\t\t\t<\/div>\n<\/div>\n\t\n\n<!-- Widget End -->\n\n\t\t\t\t<\/div>\n\t\t\t\t<\/div>\n\t\t\t\t<div class=\"elementor-element elementor-element-2e8f021 pt-0 pb-0 elementor-widget elementor-widget-a3-button-media\" data-id=\"2e8f021\" data-element_type=\"widget\" data-e-type=\"widget\" data-widget_type=\"a3-button-media.default\">\n\t\t\t\t<div class=\"elementor-widget-container\">\n\t\t\t\t\t\n\n<!-- Widget Start -->\n\n<div class=\"widget widget-orange pt-0 pb-0\">\n\t<div class=\"widget-content\">\n\n\t<div class=\"container  mb-4\">\n    <h2 class=\"h1  mb-4\">\n        \n    <\/h2>\n<\/div>\n\n\t\t<div class=\"container\">\n\t\t\n\t\t\t\t\t\t\t\t<div class=\"row \"><!-- start row -->\n\t\t\t\n\t\t\t\t\t\t\t\t\t\t<div class=\"col-12 col-lg-4\"><!-- start col -->\n\t\t\t\t\n\t\t\t\t\t\t\t\t\t\t\t\t\t\t\t\t\t\t\t\t<div class=\"media-button bg-orange \">\n\n\t\t\t\t\t\t\t\t\t\t\t\t\t\t\t\t\t<div class=\"media-button-icon\">\n\t\t\t\t\t\t\t\t\t\t<svg xmlns=\"http:\/\/www.w3.org\/2000\/svg\" viewBox=\"0 0 212.96 185.13\"  class=\"small\">\n\t\t\t\t\t\t\t\t\t\t\t<g>\n\t\t\t\t\t\t\t\t\t\t\t\t<path fill=\"#ffffff\" d=\"M182.89,25.49,142.52,51V0Z\"\/>\n\t\t\t\t\t\t\t\t\t\t\t\t<path fill=\"#ffffff\" d=\"M213,94.86l-70.44,44V50.89Z\"\/>\n\t\t\t\t\t\t\t\t\t\t\t\t<path fill=\"#ffffff\" d=\"M142.56,51l-69,44.23V6.75Z\"\/>\n\t\t\t\t\t\t\t\t\t\t\t\t<path fill=\"#ffffff\" d=\"M0,185.13,108,117,0,48.81Z\"\/>\n\t\t\t\t\t\t\t\t\t\t\t<\/g>\n\t\t\t\t\t\t\t\t\t\t<\/svg>\n\t\t\t\t\t\t\t\t\t<\/div>\n\t\t\t\t\t\t\t\t\n\t\t\t\t\t\t\t\t<div class=\"media-button-content\">\n\n\t\t\t\t\t\t\t\t\t    <h3 class=\"h2  mb-4\">\n        Special features:\n    <\/h3>\n\n\t\t\t\t\t\t\t\t\t\t\t\t\t\t\t\t\t\t\t<div class=\"media-button-text\">\n\t\t\t\t\t\t\t\t\t\t\t<ul><li>First education share on the stock exchange<br \/>(WKN A2AA1Q)<\/li><li>2020 Award as \u201cenvironmental school\u201d<\/li><li>Award as TOP 100 Innovator 2021<\/li><\/ul>\t\t\t\t\t\t\t\t\t\t<\/div>\n\t\t\t\t\t\t\t\t\t\n\t\t\t\t\t\t\t\t\t\t\t\t\t\t\t\t\t<\/div>\n\t\t\t\t\t\t\t<\/div>\n\t\t\t\t\t\t\n\t\t\t\t\t\t<\/div><!-- end col -->\n\n\t\t\t\t\n\t\t\n\t\t\t\n\t\t\t\t\t\t\t\t\t\t<div class=\"col-12 col-lg-8\"><!-- start col -->\n\t\t\t\t\n\t\t\t\t\t\t\t\t\t\t\t\t\t<div class=\"media-text-textbox\">\n\n\t\t\t\t\t\t\t\t    <h3 class=\"h2  mb-4\">\n        \n    <\/h3>\n\n\t\t\t\t\t\t\t\t<div>\n\t\t\t\t\t\t\t\t\t<h3>International School aims to grow with new campus<\/h3><p>ISA is clearly taking an innovative approach when it comes to the future. Because things are going so well, the school is reaching its capacity limits while wishing to grow further. A new campus shall provide more space, better transport links and an expanded educational offering, such as a daycare centre. The key to this: The non-profit public limited company was the first German education share to go public in Munich. This means that anyone can now become an education shareholder and acquire a piece of the future of education. ISA's approach makes it a pioneer for private investment in education. Planning the new, innovative school campus at Gersthofen station is in full swing.<\/p><h3>For the best future prospects\u00a0<\/h3><p>The student-centered, future-oriented education at the ISA is more important than ever for the A\u00b3 region when it comes to its attractiveness as a business location. Global players, the Augsburg Innovation Park and the new university hospital - they all benefit from the accredited International School. \u201cWhether prestigious physicians, athletes or foreign executives, the ISA and its international education concept is often the reason why families choose to settle down in Augsburg,\u201d says Cathie Mullen, responsible on the Board of Education. The school not only offers globally recognized qualifications that open up the best prospects for a training or study place at home or abroad but also an appreciative home for the children.<\/p>\t\t\t\t\t\t\t\t<\/div>\n\t\t\t\t\t\t\t\t\t\t\t\t\t\t\t<\/div>\n\t\t\t\t\t\t\n\t\t\t\t\t\t<\/div><!-- end col -->\n\n\t\t\t\t\t\t\t\t\t<\/div><!-- end row -->\n\t\t\t\t\n\t\t\t\t<\/div>\n\t\t\t<\/div>\n<\/div>\n\t\n\n<!-- Widget End -->\n\n\t\t\t\t<\/div>\n\t\t\t\t<\/div>\n\t\t\t\t\t<\/div>\n\t\t<\/div>\n\t\t\t\t\t<\/div>\n\t\t<\/section>\n\t\t\t\t<section class=\"elementor-section elementor-top-section elementor-element elementor-element-2bd1e5b elementor-section-boxed elementor-section-height-default elementor-section-height-default\" data-id=\"2bd1e5b\" data-element_type=\"section\" data-e-type=\"section\">\n\t\t\t\t\t\t<div class=\"elementor-container elementor-column-gap-default\">\n\t\t\t\t\t<div class=\"elementor-column elementor-col-100 elementor-top-column elementor-element elementor-element-84a62aa\" data-id=\"84a62aa\" data-element_type=\"column\" data-e-type=\"column\">\n\t\t\t<div class=\"elementor-widget-wrap elementor-element-populated\">\n\t\t\t\t\t\t<div class=\"elementor-element elementor-element-c9fedfc elementor-widget elementor-widget-a3-media-gallery\" data-id=\"c9fedfc\" data-element_type=\"widget\" data-e-type=\"widget\" data-widget_type=\"a3-media-gallery.default\">\n\t\t\t\t<div class=\"elementor-widget-container\">\n\t\t\t\t\t\n\n<!-- Widget Start -->\n\n<div class=\"widget widget-orange\">\n    <div class=\"widget-content\">\n\n        <div class=\"container  mb-4\">\n    <h2 class=\"h1  mb-4\">\n        <span class=\"h4\">Picture gallery<\/span>\n        <span style=\"display:none\">\u2013<\/span>\n        Insight into the International School\n    <\/h2>\n<\/div>\n\n        <div class=\"container\">           \n            <div class=\"slider\" slider-xs=\"1\" slider-sm=\"2\" slider-lg=\"4\" slider-xl=\"6\">\n                                        <div class=\"media-col-3\" >\n                                                                    <div class=\"media-col-3-image\" \n                                             style=\"background-image:url(https:\/\/www.region-a3.com\/wp-content\/uploads\/2021\/02\/In-der-ISA-Bibliothek-1604x1069.jpg)\" data-debug='{\"id\":\"25105\"}' width=\"150\" height=\"100\" \n                                                data-fancybox=\"gallery-w-ca63ff5388e2\" \n                                                data-caption=\"\u00a9 \"\n                                                data-src=\"https:\/\/www.region-a3.com\/wp-content\/uploads\/2021\/02\/In-der-ISA-Bibliothek-1604x1069.jpg\">\n                                        <\/div>\n                                                            <\/div>\n                                            <div class=\"media-col-3\" >\n                                                                    <div class=\"media-col-3-image\" \n                                             style=\"background-image:url(https:\/\/www.region-a3.com\/wp-content\/uploads\/2021\/02\/Sport-und-Haus-aussen-1604x1069.jpg)\" data-debug='{\"id\":\"25109\"}' width=\"150\" height=\"100\" \n                                                data-fancybox=\"gallery-w-ca63ff5388e2\" \n                                                data-caption=\"\u00a9 \"\n                                                data-src=\"https:\/\/www.region-a3.com\/wp-content\/uploads\/2021\/02\/Sport-und-Haus-aussen-1604x1069.jpg\">\n                                        <\/div>\n                                                            <\/div>\n                                            <div class=\"media-col-3\" >\n                                                                    <div class=\"media-col-3-image\" \n                                             style=\"background-image:url(https:\/\/www.region-a3.com\/wp-content\/uploads\/2021\/07\/vor-dem-Schulgebaeude-1604x1605.jpg)\" data-debug='{\"id\":\"55888\"}' width=\"150\" height=\"150\" \n                                                data-fancybox=\"gallery-w-ca63ff5388e2\" \n                                                data-caption=\"\u00a9 In front of the school building\"\n                                                data-src=\"https:\/\/www.region-a3.com\/wp-content\/uploads\/2021\/07\/vor-dem-Schulgebaeude-1604x1605.jpg\">\n                                        <\/div>\n                                                            <\/div>\n                                            <div class=\"media-col-3\" >\n                                                                    <div class=\"media-col-3-image\" \n                                             style=\"background-image:url(https:\/\/www.region-a3.com\/wp-content\/uploads\/2021\/07\/Im_Klassenzimmer.jpg)\" data-debug='{\"id\":\"55665\"}' width=\"150\" height=\"100\" \n                                                data-fancybox=\"gallery-w-ca63ff5388e2\" \n                                                data-caption=\"\u00a9 In the classroom of the International School Augsburg\"\n                                                data-src=\"https:\/\/www.region-a3.com\/wp-content\/uploads\/2021\/07\/Im_Klassenzimmer.jpg\">\n                                        <\/div>\n                                                            <\/div>\n                                            <div class=\"media-col-3\" >\n                                                                    <div class=\"media-col-3-image\" \n                                             style=\"background-image:url(https:\/\/www.region-a3.com\/wp-content\/uploads\/2021\/02\/Zertifikat-mit-Robe-1604x1069.jpg)\" data-debug='{\"id\":\"25112\"}' width=\"150\" height=\"100\" \n                                                data-fancybox=\"gallery-w-ca63ff5388e2\" \n                                                data-caption=\"\u00a9 The International School offers globally recognised qualifications\"\n                                                data-src=\"https:\/\/www.region-a3.com\/wp-content\/uploads\/2021\/02\/Zertifikat-mit-Robe-1604x1069.jpg\">\n                                        <\/div>\n                                                            <\/div>\n                                            <div class=\"media-col-3\" >\n                                                                    <div class=\"media-col-3-image\" \n                                             style=\"background-image:url(https:\/\/www.region-a3.com\/wp-content\/uploads\/2021\/07\/Mullen_Cathie_-_Wagner_Marcus_vor_Container.jpg)\" data-debug='{\"id\":\"55681\"}' width=\"150\" height=\"100\" \n                                                data-fancybox=\"gallery-w-ca63ff5388e2\" \n                                                data-caption=\"\u00a9 Cathie Mullen and Marcus Wagner, board members of the International School Augsburg\"\n                                                data-src=\"https:\/\/www.region-a3.com\/wp-content\/uploads\/2021\/07\/Mullen_Cathie_-_Wagner_Marcus_vor_Container.jpg\">\n                                        <\/div>\n                                                            <\/div>\n                                <\/div> \n        <\/div>\n    <\/div>\n<\/div>\n    \n\n<!-- Widget End -->\n\n\t\t\t\t<\/div>\n\t\t\t\t<\/div>\n\t\t\t\t\t<\/div>\n\t\t<\/div>\n\t\t\t\t\t<\/div>\n\t\t<\/section>\n\t\t\t\t<section class=\"elementor-section elementor-top-section elementor-element elementor-element-29f1025 elementor-section-boxed elementor-section-height-default elementor-section-height-default\" data-id=\"29f1025\" data-element_type=\"section\" data-e-type=\"section\">\n\t\t\t\t\t\t<div class=\"elementor-container elementor-column-gap-default\">\n\t\t\t\t\t<div class=\"elementor-column elementor-col-100 elementor-top-column elementor-element elementor-element-bdaf69f\" data-id=\"bdaf69f\" data-element_type=\"column\" data-e-type=\"column\">\n\t\t\t<div class=\"elementor-widget-wrap elementor-element-populated\">\n\t\t\t\t\t\t<div class=\"elementor-element elementor-element-9f378e1 elementor-widget elementor-widget-a3-button-media\" data-id=\"9f378e1\" data-element_type=\"widget\" data-e-type=\"widget\" data-widget_type=\"a3-button-media.default\">\n\t\t\t\t<div class=\"elementor-widget-container\">\n\t\t\t\t\t\n\n<!-- Widget Start -->\n\n<div class=\"widget widget-orange\">\n\t<div class=\"widget-content\">\n\n\t<div class=\"container  mb-4\">\n    <h2 class=\"h1  mb-4\">\n        \n    <\/h2>\n<\/div>\n\n\t\t<div class=\"container\">\n\t\t\n\t\t\t\t\t\t\t\t<div class=\"row \"><!-- start row -->\n\t\t\t\n\t\t\t\t\t\t\t\t\t\t<div class=\"media-text-wrapper\n\t\t\t\t\t\t col-12 col-lg-6\t\t\t\t\t\t\"\n\t\t\t\t\t\t\t data-xxx=\"button-text-2\" data-amount=\"2\"><!-- start col -->\n\t\t\t\t\n\t\t\t\t\t\t\t\t\t\t\t\t\t<div class=\"media-text-textbox\">\n\n\t\t\t\t\t\t\t\t    <h3 class=\"h2  mb-4\">\n        Further links:\n    <\/h3>\n\n\t\t\t\t\t\t\t\t<div>\n\t\t\t\t\t\t\t\t\t<p>International School Augsburg website<\/p><ul><li><a href=\"https:\/\/www.isa-augsburg.com\/home.aspx\" target=\"_blank\" rel=\"noopener\">www.isa-augsburg.com<\/a><\/li><\/ul>\t\t\t\t\t\t\t\t<\/div>\n\t\t\t\t\t\t\t\t\t\t\t\t\t\t\t<\/div>\n\t\t\t\t\t\t\n\t\t\t\t\t\t<\/div><!-- end col -->\n\n\t\t\t\t\t\t\t\t\t<\/div><!-- end row -->\n\t\t\t\t\n\t\t\t\t<\/div>\n\t\t\t<\/div>\n<\/div>\n\t\n\n<!-- Widget End -->\n\n\t\t\t\t<\/div>\n\t\t\t\t<\/div>\n\t\t\t\t\t<\/div>\n\t\t<\/div>\n\t\t\t\t\t<\/div>\n\t\t<\/section>\n\t\t\t\t<section class=\"elementor-section elementor-top-section elementor-element elementor-element-4478114 elementor-section-boxed elementor-section-height-default elementor-section-height-default\" data-id=\"4478114\" data-element_type=\"section\" data-e-type=\"section\">\n\t\t\t\t\t\t<div class=\"elementor-container elementor-column-gap-default\">\n\t\t\t\t\t<div class=\"elementor-column elementor-col-100 elementor-top-column elementor-element elementor-element-d67a6c2\" data-id=\"d67a6c2\" data-element_type=\"column\" data-e-type=\"column\">\n\t\t\t<div class=\"elementor-widget-wrap elementor-element-populated\">\n\t\t\t\t\t\t<div class=\"elementor-element elementor-element-dc4b37f elementor-widget elementor-widget-a3-quote\" data-id=\"dc4b37f\" data-element_type=\"widget\" data-e-type=\"widget\" data-widget_type=\"a3-quote.default\">\n\t\t\t\t<div class=\"elementor-widget-container\">\n\t\t\t\t\t\n\n<!-- Widget Start -->\n\n<div class=\"widget widget-orange\">\n    <div class=\"widget-content\">\n        \n                    <div class=\"container\">\n                                    <div class=\"row mt-4\">\n                        <div class=\"col-12 mt-3 mt-xl-0\" data-debug=\"regular-wide\">\n                            <div class=\"media-box media-box-icon bg-orange media-box-image\">\n                                                                    <p><i class=\"icon-fast-forward\"><\/i><\/p>\n                                                                                                                                    <div class=\"media-box-image-container\"  style=\"background-image:url(https:\/\/www.region-a3.com\/wp-content\/uploads\/2021\/07\/Wagner_Marcus_2020-09-23_Hand_am_Kinn_sitzend.jpg)\"><\/i>\n                                    <\/div>\n                                                                                                                                <blockquote><h3><span style=\"font-size: 16px\">As a comprehensive school, we cater to the broad range of various learning levels and needs of our pupils. They often arrive in the middle of the school year and do not speak German but many other languages. They all need a school that enables them to continue their education in another country without interruption when their parents move on for a job.<\/span><\/h3><\/blockquote><p><em>\u2013<\/em> Marcus Wagner, Commercial Director at ISA<\/p>                                                            <\/div>\n                        <\/div>\n                    <\/div>\n                \n                            <\/div>\n            <\/div>\n<\/div>\n\n\n<!-- Widget End -->\n\n\t\t\t\t<\/div>\n\t\t\t\t<\/div>\n\t\t\t\t<div class=\"elementor-element elementor-element-07e83b2 elementor-widget elementor-widget-a3-text-media\" data-id=\"07e83b2\" data-element_type=\"widget\" data-e-type=\"widget\" data-widget_type=\"a3-text-media.default\">\n\t\t\t\t<div class=\"elementor-widget-container\">\n\t\t\t\t\t\n\n<!-- Widget Start -->\n\n    <div class=\"widget widget-orange\">\n        <div class=\"widget-content\">\n            <div class=\"container  mb-4\">\n    <h2 class=\"h1  mb-4\">\n        More success stories\n    <\/h2>\n<\/div>\n            <div class=\"container\">\n                                    \n                    \n                    \n                    \n                    \n                    \n\n                                                        <div class=\"slider\" slider-xs=\"1\" slider-sm=\"2\" slider-lg=\"3\" slider-max=\"3\" slider-count=\"6\">\n                        \n            <div class=\"media-card widget-orange\">\n                <div class=\"media-card-inner\">\n                                                <div class=\"media-card-image\"  style=\"background-image:url(https:\/\/www.region-a3.com\/wp-content\/uploads\/2022\/06\/CaffeTuerzuTuer_Szene3_Austausch-1050x591.jpg);background-size:contain;background-repeat:no-repeat\" data-debug='{\"url\":\"https:\\\/\\\/www.region-a3.com\\\/wp-content\\\/uploads\\\/2022\\\/06\\\/CaffeTuerzuTuer_Szene3_Austausch.jpg\",\"id\":\"93467\",\"alt\":\"\",\"source\":\"library\",\"size\":\"\"}' alt=\"Language caf\u00e9 at T\u00fcr an T\u00fcr\" role=\"img\" aria-label=\"Sprachcafe\" width=\"150\" height=\"84\">\n                                                    <\/div>\n                                            <div class=\"media-card-content text-left \">\n                            <h3 class=\"h2  mb-4\">\n        <span class=\"h4\">Success story: integration in the labour market <\/span>\n        <span style=\"display:none\">\u2013<\/span>\n        We are international \u2013 Integration in the labour market\n    <\/h3>\n                        <div class=\"media-card-content-text\">\n                            A job is an important integration factor for migrants. For companies in the A3 Region, foreign skilled workers add to the pool of\u00a0potential applicants for vacancies: a win-win situation on both sides. Initiatives and companies from the region show how integration in the labour market can succeed.                        <\/div>\n                                                    <a href=\"https:\/\/www.region-a3.com\/en\/story\/integration-on-the-labour-market\/\" type=\"button\" class=\"btn btn-outline-primary mt-3\" title=\"Read more\" target=\"_self\">\n                                <span>Read more<\/span>\n                            <\/a>\n                                            <\/div>\n                <\/div>\n            <\/div>\n\n                                            \n                                                        \n                    \n                    \n                    \n                    \n                    \n\n                                            \n            <div class=\"media-card widget-orange\">\n                <div class=\"media-card-inner\">\n                                                <div class=\"media-card-image\"  style=\"background-image:url(https:\/\/www.region-a3.com\/wp-content\/uploads\/2021\/01\/Leitwerk-Bild-1050x687.png)\" data-debug='{\"url\":\"https:\\\/\\\/www.region-a3.com\\\/wp-content\\\/uploads\\\/2021\\\/01\\\/Leitwerk-Bild.png\",\"id\":\"18146\",\"alt\":\"\",\"source\":\"library\",\"size\":\"\"}' width=\"150\" height=\"98\">\n                                                    <\/div>\n                                            <div class=\"media-card-content text-left \">\n                            <h3 class=\"h2  mb-4\">\n        <span class=\"h4\">success story: compatibility<\/span>\n        <span style=\"display:none\">\u2013<\/span>\n        Better compatibility of family, care and work\n    <\/h3>\n                        <div class=\"media-card-content-text\">\n                            Family friendliness is an important argument for companies to attract skilled professionals. Whether flexible working time models, support with childcare or caring for relatives - companies in the Augsburg region live a family-friendly corporate culture and have adopted various methods to make it <a href=\"https:\/\/www.region-a3.com\/en\/story\/compatibility-of-family-care-and-work\/\" target=\"_blank\">... more<\/a>                        <\/div>\n                                                    <a href=\"https:\/\/www.region-a3.com\/en\/story\/compatibility-of-family-care-and-work\/\" type=\"button\" class=\"btn btn-outline-primary mt-3\" title=\"Read more\" target=\"_self\">\n                                <span>Read more<\/span>\n                            <\/a>\n                                            <\/div>\n                <\/div>\n            <\/div>\n\n                                            \n                                                        \n                    \n                    \n                    \n                    \n                    \n\n                                            \n            <div class=\"media-card widget-orange\">\n                <div class=\"media-card-inner\">\n                                                <div class=\"media-card-image\"  style=\"background-image:url(https:\/\/www.region-a3.com\/wp-content\/uploads\/2022\/09\/Unternehmen-KUKA-Galerie-Identiaet-48-1050x700.jpg)\" data-debug='{\"url\":\"https:\\\/\\\/www.region-a3.com\\\/wp-content\\\/uploads\\\/2022\\\/09\\\/Unternehmen-KUKA-Galerie-Identiaet-48-scaled.jpg\",\"id\":\"101938\",\"alt\":\"Unternehmen KUKA\",\"source\":\"library\",\"size\":\"\"}' alt=\"Training at KUKA\" role=\"img\" aria-label=\"Unternehmen KUKA\" width=\"150\" height=\"100\">\n                                                    <\/div>\n                                            <div class=\"media-card-content text-left \">\n                            <h3 class=\"h2  mb-4\">\n        <span class=\"h4\">success story: lifelong learning <\/span>\n        <span style=\"display:none\">\u2013<\/span>\n        Never stop learning \u2013 Lifelong learning in A\u00b3\n    <\/h3>\n                        <div class=\"media-card-content-text\">\n                            The rapid pace of change in our society means that we are constantly faced with new challenges in our professional and private lives. Lifelong learning is the key to success if we don't want to be left behind. Not only for the society and the economy but also for the personal development of each <a href=\"https:\/\/www.region-a3.com\/en\/story\/lifelong-learning\/\" target=\"_blank\">... more<\/a>                        <\/div>\n                                                    <a href=\"https:\/\/www.region-a3.com\/en\/story\/lifelong-learning\/\" type=\"button\" class=\"btn btn-outline-primary mt-3\" title=\"Read more\" target=\"_self\">\n                                <span>Read more<\/span>\n                            <\/a>\n                                            <\/div>\n                <\/div>\n            <\/div>\n\n                                            \n                                                        \n                    \n                    \n                    \n                    \n                    \n\n                                            \n            <div class=\"media-card widget-orange\">\n                <div class=\"media-card-inner\">\n                                                <div class=\"media-card-image\"  style=\"background-image:url(https:\/\/www.region-a3.com\/wp-content\/uploads\/2021\/12\/0033-TopStar-Luft_skaliert-1050x700.jpg)\" data-debug='{\"url\":\"https:\\\/\\\/www.region-a3.com\\\/wp-content\\\/uploads\\\/2021\\\/12\\\/0033-TopStar-Luft_skaliert.jpg\",\"id\":\"73054\",\"alt\":\"Luftaufnahme der Gemeinde Langenneufnach im Landkreis Augsburg\",\"source\":\"library\",\"size\":\"\"}' alt=\"Municipality of Langenneufnach\" role=\"img\" aria-label=\"Luftaufnahme der Gemeinde Langenneufnach im Landkreis Augsburg\" data-copyright=\"\u00a9 A\u00b3 \/ Christian Strohmayr\" width=\"150\" height=\"100\">\n                                                    <\/div>\n                                            <div class=\"media-card-content text-left \">\n                            <h3 class=\"h2  mb-4\">\n        <span class=\"h4\">Success story: district augsburg and Aichach Friedberg <\/span>\n        <span style=\"display:none\">\u2013<\/span>\n        The land of A\u00b3: Versatile and endearing\n    <\/h3>\n                        <div class=\"media-card-content-text\">\n                            In A\u00b3, urban life and rural idyll are side by side. In addition to the city of Augsburg, also the districts of Augsburg and Aichach-Friedberg make the region a place worth living in, a place where innovation and recreation, creativity and tradition are lived. Where nature is so close and <a href=\"https:\/\/www.region-a3.com\/en\/story\/221012\/\" target=\"_blank\">... more<\/a>                        <\/div>\n                                                    <a href=\"https:\/\/www.region-a3.com\/en\/story\/221012\/\" type=\"button\" class=\"btn btn-outline-primary mt-3\" title=\"Read more\" target=\"_self\">\n                                <span>Read more<\/span>\n                            <\/a>\n                                            <\/div>\n                <\/div>\n            <\/div>\n\n                                            \n                                                        \n                    \n                    \n                    \n                    \n                    \n\n                                            \n            <div class=\"media-card widget-orange\">\n                <div class=\"media-card-inner\">\n                                                <div class=\"media-card-image\"  style=\"background-image:url(https:\/\/www.region-a3.com\/wp-content\/uploads\/2022\/09\/Staudenhaus-Foto-Marcus-MerkDSC_0375-1-1050x700.jpg)\" data-debug='{\"url\":\"https:\\\/\\\/www.region-a3.com\\\/wp-content\\\/uploads\\\/2022\\\/09\\\/Staudenhaus-Foto-Marcus-MerkDSC_0375-1-scaled.jpg\",\"id\":\"98807\",\"alt\":\"Heimatverein Landkreis Augsburg\",\"source\":\"library\",\"size\":\"\"}' alt=\"a house in the region Stauden\" role=\"img\" aria-label=\"Heimatverein Landkreis Augsburg\" width=\"150\" height=\"100\">\n                                                    <\/div>\n                                            <div class=\"media-card-content text-left \">\n                            <h3 class=\"h2  mb-4\">\n        <span class=\"h4\">Success story: club culture<\/span>\n        <span style=\"display:none\">\u2013<\/span>\n        Living values.  Finding community\n    <\/h3>\n                        <div class=\"media-card-content-text\">\n                            Club culture plays a key role in A\u00b3. Clubs are places of community and sociability. They cultivate traditions and are committed to the common good. Whether it's a sports club, a volunteer fire brigade or a local heritage and gardening association: many people do voluntary work in the region thus <a href=\"https:\/\/www.region-a3.com\/en\/story\/club-culture-in-a3\/\" target=\"_blank\">... more<\/a>                        <\/div>\n                                                    <a href=\"https:\/\/www.region-a3.com\/en\/story\/club-culture-in-a3\/\" type=\"button\" class=\"btn btn-outline-primary mt-3\" title=\"Read more\" target=\"_self\">\n                                <span>Read more<\/span>\n                            <\/a>\n                                            <\/div>\n                <\/div>\n            <\/div>\n\n                                            \n                                                        \n                    \n                    \n                    \n                    \n                    \n\n                                            \n            <div class=\"media-card widget-orange\">\n                <div class=\"media-card-inner\">\n                                                <div class=\"media-card-image\"  style=\"background-image:url(https:\/\/www.region-a3.com\/wp-content\/uploads\/2022\/08\/Augsburger_Hohes-Friedensfest_Portrait-Hasare-Demir-2-1050x788.jpg)\" data-debug='{\"url\":\"https:\\\/\\\/www.region-a3.com\\\/wp-content\\\/uploads\\\/2022\\\/08\\\/Augsburger_Hohes-Friedensfest_Portrait-Hasare-Demir-2-scaled.jpg\",\"id\":\"95958\",\"alt\":\"Augsburger Hohes Friedensfest: Portrait von Hasare Demir\",\"source\":\"library\"}' alt=\"Portrait of Hasare Demir\" title=\"Hasare Demir among her friends\" role=\"img\" aria-label=\"Augsburger Hohes Friedensfest: Portrait von Hasare Demir\" data-copyright=\"\u00a9 Regio Augsburg Wirtschaft GmbH\" width=\"150\" height=\"113\">\n                                                    <\/div>\n                                            <div class=\"media-card-content text-left \">\n                            <h3 class=\"h2  mb-4\">\n        <span class=\"h4\">Success story: international clubs <\/span>\n        <span style=\"display:none\">\u2013<\/span>\n        A\u00b3 and the world: International asociations and partnerships\n    <\/h3>\n                        <div class=\"media-card-content-text\">\n                            The Augsburg region offers a variety of international associations and initiatives that enrich cultural life in the region. The associations contribute largely to making the Augsburg region a place of diversity and togetherness. Twin cities and municipalities provide the foundation for <a href=\"https:\/\/www.region-a3.com\/en\/story\/international-clubs-and-partnerships\/\" target=\"_blank\">... more<\/a>                        <\/div>\n                                                    <a href=\"https:\/\/www.region-a3.com\/en\/story\/international-clubs-and-partnerships\/\" type=\"button\" class=\"btn btn-outline-primary mt-3\" title=\"Read more\" target=\"_self\">\n                                <span>Read more<\/span>\n                            <\/a>\n                                            <\/div>\n                <\/div>\n            <\/div>\n\n                                    <\/div>\n                                            \n                                        <\/div>\n      \n        <div class=\"container\">\n            <div class=\"mt-5 text-right\">\n                <a target=\"_self\" href=\"https:\/\/www.region-a3.com\/en\/service\/success-stories\/\" class=\"mt-4\" title=\"Show all success stories\">\n                    <i class=\"icon-fast-forward\"><\/i>\n                    <span>Show all success stories<\/span>\n                <\/a>\n            <\/div>\n        <\/div>\n        <\/div>\n    <\/div>\n    \n\n<!-- Widget End -->\n\n\t\t\t\t<\/div>\n\t\t\t\t<\/div>\n\t\t\t\t\t<\/div>\n\t\t<\/div>\n\t\t\t\t\t<\/div>\n\t\t<\/section>\n\t\t\t\t<\/div>\n\t\t","protected":false},"excerpt":{"rendered":"<p>Success story: International School Augsburg \u2013 International location, international education The International School Augsburg was founded in 2005 to support the regional economy. Today, the school is an important location factor and it is impossible to imagine the A\u00b3 region without it. Its globally recognized, English-language learning concept enables companies in the region to recruit [&hellip;]<\/p>\n","protected":false},"author":81,"featured_media":25106,"comment_status":"closed","ping_status":"closed","template":"","meta":{"_acf_changed":false,"footnotes":""},"categories":[557,563,564,545,549,575,565,555],"tags":[],"class_list":["post-220796","story","type-story","status-publish","has-post-thumbnail","hentry","category-standort-en","category-career","category-education","category-employer","category-family-career","category-infrastructure","category-quality-of-life","category-talents"],"acf":[],"yoast_head":"<!-- This site is optimized with the Yoast SEO plugin v27.5 - https:\/\/yoast.com\/product\/yoast-seo-wordpress\/ -->\n<title>International School Augsburg &#187; A\u00b3<\/title>\n<meta name=\"description\" content=\"The International School Augsburg is a project in Augsburg for highly qualified specialists and managers from all over the world.\" \/>\n<meta name=\"robots\" content=\"index, follow, max-snippet:-1, max-image-preview:large, max-video-preview:-1\" \/>\n<link rel=\"canonical\" href=\"https:\/\/www.region-a3.com\/en\/story\/international-school-augsburg\/\" \/>\n<meta property=\"og:locale\" content=\"en_US\" \/>\n<meta property=\"og:type\" content=\"article\" \/>\n<meta property=\"og:title\" content=\"International School Augsburg &#187; A\u00b3\" \/>\n<meta property=\"og:description\" content=\"The International School Augsburg is a project in Augsburg for highly qualified specialists and managers from all over the world.\" \/>\n<meta property=\"og:url\" content=\"https:\/\/www.region-a3.com\/en\/story\/international-school-augsburg\/\" \/>\n<meta property=\"og:site_name\" content=\"A\u00b3\" \/>\n<meta property=\"article:publisher\" content=\"https:\/\/www.facebook.com\/pages\/Regio-Augsburg-Wirtschaft-GmbH\/517310831654971\" \/>\n<meta property=\"article:modified_time\" content=\"2025-11-06T10:31:42+00:00\" \/>\n<meta property=\"og:image\" content=\"https:\/\/www.region-a3.com\/wp-content\/uploads\/2021\/07\/Kopie-von-STANDORT-Linkvorschau-Bild-FBLITW.png\" \/>\n<meta name=\"twitter:card\" content=\"summary_large_image\" \/>\n<meta name=\"twitter:image\" content=\"https:\/\/www.region-a3.com\/wp-content\/uploads\/2021\/07\/Kopie-von-STANDORT-Linkvorschau-Bild-FBLITW.png\" \/>\n<meta name=\"twitter:site\" content=\"@ahoch3_augsburg\" \/>\n<meta name=\"twitter:label1\" content=\"Est. reading time\" \/>\n\t<meta name=\"twitter:data1\" content=\"6 minutes\" \/>\n<script type=\"application\/ld+json\" class=\"yoast-schema-graph\">{\"@context\":\"https:\\\/\\\/schema.org\",\"@graph\":[{\"@type\":\"WebPage\",\"@id\":\"https:\\\/\\\/www.region-a3.com\\\/en\\\/story\\\/international-school-augsburg\\\/\",\"url\":\"https:\\\/\\\/www.region-a3.com\\\/en\\\/story\\\/international-school-augsburg\\\/\",\"name\":\"International School Augsburg &#187; A\u00b3\",\"isPartOf\":{\"@id\":\"https:\\\/\\\/www.region-a3.com\\\/en\\\/#website\"},\"primaryImageOfPage\":{\"@id\":\"https:\\\/\\\/www.region-a3.com\\\/en\\\/story\\\/international-school-augsburg\\\/#primaryimage\"},\"image\":{\"@id\":\"https:\\\/\\\/www.region-a3.com\\\/en\\\/story\\\/international-school-augsburg\\\/#primaryimage\"},\"thumbnailUrl\":\"https:\\\/\\\/www.region-a3.com\\\/wp-content\\\/uploads\\\/2021\\\/02\\\/International-School-Augsburg.jpg\",\"datePublished\":\"2021-07-06T07:13:19+00:00\",\"dateModified\":\"2025-11-06T10:31:42+00:00\",\"description\":\"The International School Augsburg is a project in Augsburg for highly qualified specialists and managers from all over the world.\",\"breadcrumb\":{\"@id\":\"https:\\\/\\\/www.region-a3.com\\\/en\\\/story\\\/international-school-augsburg\\\/#breadcrumb\"},\"inLanguage\":\"en-US\",\"potentialAction\":[{\"@type\":\"ReadAction\",\"target\":[\"https:\\\/\\\/www.region-a3.com\\\/en\\\/story\\\/international-school-augsburg\\\/\"]}]},{\"@type\":\"ImageObject\",\"inLanguage\":\"en-US\",\"@id\":\"https:\\\/\\\/www.region-a3.com\\\/en\\\/story\\\/international-school-augsburg\\\/#primaryimage\",\"url\":\"https:\\\/\\\/www.region-a3.com\\\/wp-content\\\/uploads\\\/2021\\\/02\\\/International-School-Augsburg.jpg\",\"contentUrl\":\"https:\\\/\\\/www.region-a3.com\\\/wp-content\\\/uploads\\\/2021\\\/02\\\/International-School-Augsburg.jpg\",\"width\":1620,\"height\":1080},{\"@type\":\"BreadcrumbList\",\"@id\":\"https:\\\/\\\/www.region-a3.com\\\/en\\\/story\\\/international-school-augsburg\\\/#breadcrumb\",\"itemListElement\":[{\"@type\":\"ListItem\",\"position\":1,\"name\":\"Stories\",\"item\":\"https:\\\/\\\/www.region-a3.com\\\/en\\\/story\\\/\"},{\"@type\":\"ListItem\",\"position\":2,\"name\":\"International School Augsburg\"}]},{\"@type\":\"WebSite\",\"@id\":\"https:\\\/\\\/www.region-a3.com\\\/en\\\/#website\",\"url\":\"https:\\\/\\\/www.region-a3.com\\\/en\\\/\",\"name\":\"A\u00b3\",\"description\":\"Website der Regio Augsburg Wirtschaft GmbH\",\"publisher\":{\"@id\":\"https:\\\/\\\/www.region-a3.com\\\/en\\\/#organization\"},\"potentialAction\":[{\"@type\":\"SearchAction\",\"target\":{\"@type\":\"EntryPoint\",\"urlTemplate\":\"https:\\\/\\\/www.region-a3.com\\\/en\\\/?s={search_term_string}\"},\"query-input\":{\"@type\":\"PropertyValueSpecification\",\"valueRequired\":true,\"valueName\":\"search_term_string\"}}],\"inLanguage\":\"en-US\"},{\"@type\":\"Organization\",\"@id\":\"https:\\\/\\\/www.region-a3.com\\\/en\\\/#organization\",\"name\":\"Regio Augsburg Wirtschaft GmbH\",\"url\":\"https:\\\/\\\/www.region-a3.com\\\/en\\\/\",\"logo\":{\"@type\":\"ImageObject\",\"inLanguage\":\"en-US\",\"@id\":\"https:\\\/\\\/www.region-a3.com\\\/en\\\/#\\\/schema\\\/logo\\\/image\\\/\",\"url\":\"https:\\\/\\\/www.region-a3.com\\\/wp-content\\\/uploads\\\/2020\\\/11\\\/A3-Regio_Augsburg_Wirtschaft-Logo-rgb.jpg\",\"contentUrl\":\"https:\\\/\\\/www.region-a3.com\\\/wp-content\\\/uploads\\\/2020\\\/11\\\/A3-Regio_Augsburg_Wirtschaft-Logo-rgb.jpg\",\"width\":692,\"height\":265,\"caption\":\"Regio Augsburg Wirtschaft GmbH\"},\"image\":{\"@id\":\"https:\\\/\\\/www.region-a3.com\\\/en\\\/#\\\/schema\\\/logo\\\/image\\\/\"},\"sameAs\":[\"https:\\\/\\\/www.facebook.com\\\/pages\\\/Regio-Augsburg-Wirtschaft-GmbH\\\/517310831654971\",\"https:\\\/\\\/x.com\\\/ahoch3_augsburg\",\"https:\\\/\\\/www.linkedin.com\\\/company\\\/regio-augsburg-wirtschaft-gmbh\",\"https:\\\/\\\/www.youtube.com\\\/user\\\/RegionA3\"]}]}<\/script>\n<!-- \/ Yoast SEO plugin. -->","yoast_head_json":{"title":"International School Augsburg &#187; A\u00b3","description":"The International School Augsburg is a project in Augsburg for highly qualified specialists and managers from all over the world.","robots":{"index":"index","follow":"follow","max-snippet":"max-snippet:-1","max-image-preview":"max-image-preview:large","max-video-preview":"max-video-preview:-1"},"canonical":"https:\/\/www.region-a3.com\/en\/story\/international-school-augsburg\/","og_locale":"en_US","og_type":"article","og_title":"International School Augsburg &#187; A\u00b3","og_description":"The International School Augsburg is a project in Augsburg for highly qualified specialists and managers from all over the world.","og_url":"https:\/\/www.region-a3.com\/en\/story\/international-school-augsburg\/","og_site_name":"A\u00b3","article_publisher":"https:\/\/www.facebook.com\/pages\/Regio-Augsburg-Wirtschaft-GmbH\/517310831654971","article_modified_time":"2025-11-06T10:31:42+00:00","og_image":[{"url":"https:\/\/www.region-a3.com\/wp-content\/uploads\/2021\/07\/Kopie-von-STANDORT-Linkvorschau-Bild-FBLITW.png","type":"","width":"","height":""}],"twitter_card":"summary_large_image","twitter_image":"https:\/\/www.region-a3.com\/wp-content\/uploads\/2021\/07\/Kopie-von-STANDORT-Linkvorschau-Bild-FBLITW.png","twitter_site":"@ahoch3_augsburg","twitter_misc":{"Est. reading time":"6 minutes"},"schema":{"@context":"https:\/\/schema.org","@graph":[{"@type":"WebPage","@id":"https:\/\/www.region-a3.com\/en\/story\/international-school-augsburg\/","url":"https:\/\/www.region-a3.com\/en\/story\/international-school-augsburg\/","name":"International School Augsburg &#187; A\u00b3","isPartOf":{"@id":"https:\/\/www.region-a3.com\/en\/#website"},"primaryImageOfPage":{"@id":"https:\/\/www.region-a3.com\/en\/story\/international-school-augsburg\/#primaryimage"},"image":{"@id":"https:\/\/www.region-a3.com\/en\/story\/international-school-augsburg\/#primaryimage"},"thumbnailUrl":"https:\/\/www.region-a3.com\/wp-content\/uploads\/2021\/02\/International-School-Augsburg.jpg","datePublished":"2021-07-06T07:13:19+00:00","dateModified":"2025-11-06T10:31:42+00:00","description":"The International School Augsburg is a project in Augsburg for highly qualified specialists and managers from all over the world.","breadcrumb":{"@id":"https:\/\/www.region-a3.com\/en\/story\/international-school-augsburg\/#breadcrumb"},"inLanguage":"en-US","potentialAction":[{"@type":"ReadAction","target":["https:\/\/www.region-a3.com\/en\/story\/international-school-augsburg\/"]}]},{"@type":"ImageObject","inLanguage":"en-US","@id":"https:\/\/www.region-a3.com\/en\/story\/international-school-augsburg\/#primaryimage","url":"https:\/\/www.region-a3.com\/wp-content\/uploads\/2021\/02\/International-School-Augsburg.jpg","contentUrl":"https:\/\/www.region-a3.com\/wp-content\/uploads\/2021\/02\/International-School-Augsburg.jpg","width":1620,"height":1080},{"@type":"BreadcrumbList","@id":"https:\/\/www.region-a3.com\/en\/story\/international-school-augsburg\/#breadcrumb","itemListElement":[{"@type":"ListItem","position":1,"name":"Stories","item":"https:\/\/www.region-a3.com\/en\/story\/"},{"@type":"ListItem","position":2,"name":"International School Augsburg"}]},{"@type":"WebSite","@id":"https:\/\/www.region-a3.com\/en\/#website","url":"https:\/\/www.region-a3.com\/en\/","name":"A\u00b3","description":"Website der Regio Augsburg Wirtschaft GmbH","publisher":{"@id":"https:\/\/www.region-a3.com\/en\/#organization"},"potentialAction":[{"@type":"SearchAction","target":{"@type":"EntryPoint","urlTemplate":"https:\/\/www.region-a3.com\/en\/?s={search_term_string}"},"query-input":{"@type":"PropertyValueSpecification","valueRequired":true,"valueName":"search_term_string"}}],"inLanguage":"en-US"},{"@type":"Organization","@id":"https:\/\/www.region-a3.com\/en\/#organization","name":"Regio Augsburg Wirtschaft GmbH","url":"https:\/\/www.region-a3.com\/en\/","logo":{"@type":"ImageObject","inLanguage":"en-US","@id":"https:\/\/www.region-a3.com\/en\/#\/schema\/logo\/image\/","url":"https:\/\/www.region-a3.com\/wp-content\/uploads\/2020\/11\/A3-Regio_Augsburg_Wirtschaft-Logo-rgb.jpg","contentUrl":"https:\/\/www.region-a3.com\/wp-content\/uploads\/2020\/11\/A3-Regio_Augsburg_Wirtschaft-Logo-rgb.jpg","width":692,"height":265,"caption":"Regio Augsburg Wirtschaft GmbH"},"image":{"@id":"https:\/\/www.region-a3.com\/en\/#\/schema\/logo\/image\/"},"sameAs":["https:\/\/www.facebook.com\/pages\/Regio-Augsburg-Wirtschaft-GmbH\/517310831654971","https:\/\/x.com\/ahoch3_augsburg","https:\/\/www.linkedin.com\/company\/regio-augsburg-wirtschaft-gmbh","https:\/\/www.youtube.com\/user\/RegionA3"]}]}},"publishpress_future_workflow_manual_trigger":{"enabledWorkflows":[]},"_links":{"self":[{"href":"https:\/\/www.region-a3.com\/en\/wp-json\/wp\/v2\/story\/220796","targetHints":{"allow":["GET"]}}],"collection":[{"href":"https:\/\/www.region-a3.com\/en\/wp-json\/wp\/v2\/story"}],"about":[{"href":"https:\/\/www.region-a3.com\/en\/wp-json\/wp\/v2\/types\/story"}],"author":[{"embeddable":true,"href":"https:\/\/www.region-a3.com\/en\/wp-json\/wp\/v2\/users\/81"}],"replies":[{"embeddable":true,"href":"https:\/\/www.region-a3.com\/en\/wp-json\/wp\/v2\/comments?post=220796"}],"version-history":[{"count":15,"href":"https:\/\/www.region-a3.com\/en\/wp-json\/wp\/v2\/story\/220796\/revisions"}],"predecessor-version":[{"id":237335,"href":"https:\/\/www.region-a3.com\/en\/wp-json\/wp\/v2\/story\/220796\/revisions\/237335"}],"wp:featuredmedia":[{"embeddable":true,"href":"https:\/\/www.region-a3.com\/en\/wp-json\/wp\/v2\/media\/25106"}],"wp:attachment":[{"href":"https:\/\/www.region-a3.com\/en\/wp-json\/wp\/v2\/media?parent=220796"}],"wp:term":[{"taxonomy":"category","embeddable":true,"href":"https:\/\/www.region-a3.com\/en\/wp-json\/wp\/v2\/categories?post=220796"},{"taxonomy":"post_tag","embeddable":true,"href":"https:\/\/www.region-a3.com\/en\/wp-json\/wp\/v2\/tags?post=220796"}],"curies":[{"name":"wp","href":"https:\/\/api.w.org\/{rel}","templated":true}]}}